{"id":992,"date":"2023-06-02T12:40:51","date_gmt":"2023-06-02T10:40:51","guid":{"rendered":"https:\/\/wia.net.pl\/?p=992"},"modified":"2023-06-02T12:40:52","modified_gmt":"2023-06-02T10:40:52","slug":"elohim-cz-4-biblia-el-shadday-wojna-bogow","status":"publish","type":"post","link":"https:\/\/wia.net.pl\/index.php\/2023\/06\/02\/elohim-cz-4-biblia-el-shadday-wojna-bogow\/","title":{"rendered":"Elohim cz 4 \u2013 Biblia \u2013 EL SHADDAY \u2013 Wojna bog\u00f3w"},"content":{"rendered":"\n<p>Elohim cz 4 \u2013 Biblia \u2013 EL SHADDAY \u2013 Wojna bog\u00f3w<\/p>\n\n\n\n<p>Czy istnia\u0142a wojna pomi\u0119dzy r\u00f3\u017cnymi Bogami o Ziemi\u0119 i ras\u0119 ludzk\u0105? Wojna, kt\u00f3ra mia\u0142a miejsce w naszej g\u0142\u0119bokiej przesz\u0142o\u015bci?<\/p>\n\n\n\n<p>\u0179r\u00f3d\u0142o: https:\/\/www.youtube.com\/@The5thKind\/featured<\/p>\n\n\n\n<figure class=\"wp-block-embed is-type-video is-provider-youtube wp-block-embed-youtube wp-embed-aspect-16-9 wp-has-aspect-ratio\"><div class=\"wp-block-embed__wrapper\">\n<iframe loading=\"lazy\" title=\"Elohim cz 4 \u2013 Biblia \u2013 EL SHADDAY \u2013 Wojna bog\u00f3w\" width=\"858\" height=\"483\" src=\"https:\/\/www.youtube.com\/embed\/0UHfNFxhaVg?feature=oembed\" frameborder=\"0\" allow=\"accelerometer; autoplay; clipboard-write; encrypted-media; gyroscope; picture-in-picture; web-share\" allowfullscreen><\/iframe>\n<\/div><\/figure>\n<div class=\"remoji_bar\"><div class=\"remoji_add_container\" data-remoji-id=\"992\" data-remoji-type=\"post\"><div class=\"remoji_add_icon\"><\/div><\/div><div class=\"remoji_error_bar\" data-remoji-id=\"992\" data-remoji-type=\"post\" style=\"display: none;\">Error happened.<\/div><\/div>","protected":false},"excerpt":{"rendered":"<p>Elohim cz 4 \u2013 Biblia \u2013 EL SHADDAY \u2013 Wojna bog\u00f3w Czy istnia\u0142a wojna pomi\u0119dzy r\u00f3\u017cnymi Bogami o Ziemi\u0119 i ras\u0119 ludzk\u0105? Wojna, kt\u00f3ra mia\u0142a miejsce w naszej g\u0142\u0119bokiej przesz\u0142o\u015bci? \u0179r\u00f3d\u0142o: https:\/\/www.youtube.com\/@The5thKind\/featured Error happened.<\/p>\n","protected":false},"author":3,"featured_media":993,"comment_status":"open","ping_status":"open","sticky":false,"template":"","format":"standard","meta":{"_acf_changed":false,"_bbp_topic_count":0,"_bbp_reply_count":0,"_bbp_total_topic_count":0,"_bbp_total_reply_count":0,"_bbp_voice_count":0,"_bbp_anonymous_reply_count":0,"_bbp_topic_count_hidden":0,"_bbp_reply_count_hidden":0,"_bbp_forum_subforum_count":0,"om_disable_all_campaigns":false,"_monsterinsights_skip_tracking":false,"_monsterinsights_sitenote_active":false,"_monsterinsights_sitenote_note":"","_monsterinsights_sitenote_category":0,"footnotes":""},"categories":[96],"tags":[60,68,63,71,103,23,58,104,67,105],"class_list":["post-992","post","type-post","status-publish","format-standard","has-post-thumbnail","hentry","category-religie","tag-aliens","tag-cesarstwo-rzymskie","tag-historia-ziemi","tag-kosciol-katolicki","tag-mauro-biglino","tag-niewolnictwo","tag-obcy","tag-paul-wallis","tag-religie","tag-the-5th-kind"],"acf":[],"aioseo_notices":[],"_links":{"self":[{"href":"https:\/\/wia.net.pl\/index.php\/wp-json\/wp\/v2\/posts\/992"}],"collection":[{"href":"https:\/\/wia.net.pl\/index.php\/wp-json\/wp\/v2\/posts"}],"about":[{"href":"https:\/\/wia.net.pl\/index.php\/wp-json\/wp\/v2\/types\/post"}],"author":[{"embeddable":true,"href":"https:\/\/wia.net.pl\/index.php\/wp-json\/wp\/v2\/users\/3"}],"replies":[{"embeddable":true,"href":"https:\/\/wia.net.pl\/index.php\/wp-json\/wp\/v2\/comments?post=992"}],"version-history":[{"count":1,"href":"https:\/\/wia.net.pl\/index.php\/wp-json\/wp\/v2\/posts\/992\/revisions"}],"predecessor-version":[{"id":994,"href":"https:\/\/wia.net.pl\/index.php\/wp-json\/wp\/v2\/posts\/992\/revisions\/994"}],"wp:featuredmedia":[{"embeddable":true,"href":"https:\/\/wia.net.pl\/index.php\/wp-json\/wp\/v2\/media\/993"}],"wp:attachment":[{"href":"https:\/\/wia.net.pl\/index.php\/wp-json\/wp\/v2\/media?parent=992"}],"wp:term":[{"taxonomy":"category","embeddable":true,"href":"https:\/\/wia.net.pl\/index.php\/wp-json\/wp\/v2\/categories?post=992"},{"taxonomy":"post_tag","embeddable":true,"href":"https:\/\/wia.net.pl\/index.php\/wp-json\/wp\/v2\/tags?post=992"}],"curies":[{"name":"wp","href":"https:\/\/api.w.org\/{rel}","templated":true}]}}