{"id":995,"date":"2023-06-02T12:44:09","date_gmt":"2023-06-02T10:44:09","guid":{"rendered":"https:\/\/wia.net.pl\/?p=995"},"modified":"2023-06-02T12:44:09","modified_gmt":"2023-06-02T10:44:09","slug":"elohim-cz-5-biblia-olam-portal","status":"publish","type":"post","link":"https:\/\/wia.net.pl\/index.php\/2023\/06\/02\/elohim-cz-5-biblia-olam-portal\/","title":{"rendered":"Elohim cz 5 \u2013 Biblia \u2013 OLAM &#8211; Portal"},"content":{"rendered":"\n<p>W tym odcinku Paul Wallis i Mauro Biglino przedstawiaj\u0105 swoje badania nad oryginalnymi t\u0142umaczeniami i znaczeniami s\u0142owa &#8222;Olam&#8221; &#8211; To co odkrywaj\u0105 jest fascynuj\u0105ce! Je\u015bli lubisz koncepcj\u0119 gwiezdnych wr\u00f3t, portali i paleokontaktu, to tajemnicze s\u0142owo w hebrajskiej Biblii jest warte Twojego czasu!<\/p>\n\n\n\n<p>\u0179r\u00f3d\u0142o: https:\/\/www.youtube.com\/@The5thKind\/featured<\/p>\n\n\n\n<figure class=\"wp-block-embed is-type-video is-provider-youtube wp-block-embed-youtube wp-embed-aspect-16-9 wp-has-aspect-ratio\"><div class=\"wp-block-embed__wrapper\">\n<iframe loading=\"lazy\" title=\"Elohim cz 5 \u2013 Biblia \u2013 OLAM - Portal\" width=\"858\" height=\"483\" src=\"https:\/\/www.youtube.com\/embed\/y-AwPT2rkLs?feature=oembed\" frameborder=\"0\" allow=\"accelerometer; autoplay; clipboard-write; encrypted-media; gyroscope; picture-in-picture; web-share\" allowfullscreen><\/iframe>\n<\/div><\/figure>\n<div class=\"remoji_bar\"><div class=\"remoji_add_container\" data-remoji-id=\"995\" data-remoji-type=\"post\"><div class=\"remoji_add_icon\"><\/div><\/div><div class=\"remoji_error_bar\" data-remoji-id=\"995\" data-remoji-type=\"post\" style=\"display: none;\">Error happened.<\/div><\/div>","protected":false},"excerpt":{"rendered":"<p>W tym odcinku Paul Wallis i Mauro Biglino przedstawiaj\u0105 swoje badania nad oryginalnymi t\u0142umaczeniami i znaczeniami s\u0142owa &#8222;Olam&#8221; &#8211; To co odkrywaj\u0105 jest fascynuj\u0105ce! Je\u015bli lubisz koncepcj\u0119 gwiezdnych wr\u00f3t, portali i paleokontaktu, to tajemnicze s\u0142owo w hebrajskiej Biblii jest warte&#8230; <\/p>\n","protected":false},"author":3,"featured_media":996,"comment_status":"open","ping_status":"open","sticky":false,"template":"","format":"standard","meta":{"_acf_changed":false,"_bbp_topic_count":0,"_bbp_reply_count":0,"_bbp_total_topic_count":0,"_bbp_total_reply_count":0,"_bbp_voice_count":0,"_bbp_anonymous_reply_count":0,"_bbp_topic_count_hidden":0,"_bbp_reply_count_hidden":0,"_bbp_forum_subforum_count":0,"om_disable_all_campaigns":false,"_monsterinsights_skip_tracking":false,"_monsterinsights_sitenote_active":false,"_monsterinsights_sitenote_note":"","_monsterinsights_sitenote_category":0,"footnotes":""},"categories":[96],"tags":[60,68,63,71,26,103,23,58,104,67,70,105],"class_list":["post-995","post","type-post","status-publish","format-standard","has-post-thumbnail","hentry","category-religie","tag-aliens","tag-cesarstwo-rzymskie","tag-historia-ziemi","tag-kosciol-katolicki","tag-ludzkosc","tag-mauro-biglino","tag-niewolnictwo","tag-obcy","tag-paul-wallis","tag-religie","tag-tajne-stowarzyszenia","tag-the-5th-kind"],"acf":[],"aioseo_notices":[],"_links":{"self":[{"href":"https:\/\/wia.net.pl\/index.php\/wp-json\/wp\/v2\/posts\/995"}],"collection":[{"href":"https:\/\/wia.net.pl\/index.php\/wp-json\/wp\/v2\/posts"}],"about":[{"href":"https:\/\/wia.net.pl\/index.php\/wp-json\/wp\/v2\/types\/post"}],"author":[{"embeddable":true,"href":"https:\/\/wia.net.pl\/index.php\/wp-json\/wp\/v2\/users\/3"}],"replies":[{"embeddable":true,"href":"https:\/\/wia.net.pl\/index.php\/wp-json\/wp\/v2\/comments?post=995"}],"version-history":[{"count":1,"href":"https:\/\/wia.net.pl\/index.php\/wp-json\/wp\/v2\/posts\/995\/revisions"}],"predecessor-version":[{"id":997,"href":"https:\/\/wia.net.pl\/index.php\/wp-json\/wp\/v2\/posts\/995\/revisions\/997"}],"wp:featuredmedia":[{"embeddable":true,"href":"https:\/\/wia.net.pl\/index.php\/wp-json\/wp\/v2\/media\/996"}],"wp:attachment":[{"href":"https:\/\/wia.net.pl\/index.php\/wp-json\/wp\/v2\/media?parent=995"}],"wp:term":[{"taxonomy":"category","embeddable":true,"href":"https:\/\/wia.net.pl\/index.php\/wp-json\/wp\/v2\/categories?post=995"},{"taxonomy":"post_tag","embeddable":true,"href":"https:\/\/wia.net.pl\/index.php\/wp-json\/wp\/v2\/tags?post=995"}],"curies":[{"name":"wp","href":"https:\/\/api.w.org\/{rel}","templated":true}]}}